{"id":11449,"date":"2015-01-18T00:01:08","date_gmt":"2015-01-18T00:01:08","guid":{"rendered":"https:\/\/www.perspektiven-burkina.de\/?p=11449"},"modified":"2025-09-10T21:40:07","modified_gmt":"2025-09-10T21:40:07","slug":"berufsausbildung-durch-naehmaschinen","status":"publish","type":"post","link":"https:\/\/www.perspektiven-burkina.de\/?p=11449","title":{"rendered":"Berufsausbildung durch Handwerk"},"content":{"rendered":"\t\t<div data-elementor-type=\"wp-post\" data-elementor-id=\"11449\" class=\"elementor elementor-11449\" data-elementor-post-type=\"post\">\n\t\t\t\t<div class=\"elementor-element elementor-element-2c3798c e-flex e-con-boxed e-con e-parent\" data-id=\"2c3798c\" data-element_type=\"container\" data-e-type=\"container\" data-settings=\"{&quot;background_background&quot;:&quot;classic&quot;}\">\n\t\t\t\t\t<div class=\"e-con-inner\">\n\t\t\t\t<div class=\"elementor-element elementor-element-53718833 elementor-widget elementor-widget-theme-post-title elementor-page-title elementor-widget-heading\" data-id=\"53718833\" data-element_type=\"widget\" data-e-type=\"widget\" data-widget_type=\"theme-post-title.default\">\n\t\t\t\t<div class=\"elementor-widget-container\">\n\t\t\t\t\t<h1 class=\"elementor-heading-title elementor-size-default\">Berufsausbildung durch Handwerk<\/h1>\t\t\t\t<\/div>\n\t\t\t\t<\/div>\n\t\t\t\t<div class=\"elementor-element elementor-element-3975886c elementor-widget elementor-widget-theme-post-featured-image elementor-widget-image\" data-id=\"3975886c\" data-element_type=\"widget\" data-e-type=\"widget\" data-widget_type=\"theme-post-featured-image.default\">\n\t\t\t\t<div class=\"elementor-widget-container\">\n\t\t\t\t\t\t\t\t\t\t\t\t\t\t\t<img fetchpriority=\"high\" decoding=\"async\" width=\"800\" height=\"351\" src=\"https:\/\/www.perspektiven-burkina.de\/wp-content\/uploads\/2025\/04\/Naehmaschinen-1.jpg\" class=\"attachment-large size-large wp-image-11454\" alt=\"\" srcset=\"https:\/\/www.perspektiven-burkina.de\/wp-content\/uploads\/2025\/04\/Naehmaschinen-1.jpg 984w, https:\/\/www.perspektiven-burkina.de\/wp-content\/uploads\/2025\/04\/Naehmaschinen-1-300x132.jpg 300w, https:\/\/www.perspektiven-burkina.de\/wp-content\/uploads\/2025\/04\/Naehmaschinen-1-768x337.jpg 768w\" sizes=\"(max-width: 800px) 100vw, 800px\" \/>\t\t\t\t\t\t\t\t\t\t\t\t\t\t\t<\/div>\n\t\t\t\t<\/div>\n\t\t\t\t\t<\/div>\n\t\t\t\t<\/div>\n\t\t<div class=\"elementor-element elementor-element-239c3a5 e-flex e-con-boxed e-con e-parent\" data-id=\"239c3a5\" data-element_type=\"container\" data-e-type=\"container\" data-settings=\"{&quot;background_background&quot;:&quot;classic&quot;}\">\n\t\t\t\t\t<div class=\"e-con-inner\">\n\t\t\t\t<div class=\"elementor-element elementor-element-7d39e5db elementor-widget elementor-widget-text-editor\" data-id=\"7d39e5db\" data-element_type=\"widget\" data-e-type=\"widget\" data-widget_type=\"text-editor.default\">\n\t\t\t\t<div class=\"elementor-widget-container\">\n\t\t\t\t\t\t\t\t\t<p>F\u00fcr viele Jugendliche in Burkina Faso ist der Zugang zu formaler Bildung eingeschr\u00e4nkt oder gar nicht vorhanden. Um ihnen dennoch eine Perspektive zu er\u00f6ffnen, betreibt die Organisation <span style=\"color: #2e5d00;\"><a style=\"color: #2e5d00;\" href=\"https:\/\/www.facebook.com\/groups\/262430550553078\/\"><strong>AEJTB<\/strong><\/a><\/span> in Ouagadougou ein Berufsausbildungszentrum. Dort werden junge Menschen zu N\u00e4herinnen, Tischler oder Schwei\u00dfer ausgebildet \u2013 mit einfachsten Mitteln und viel Engagement. Unser Verein \u201ePerspektiven f\u00fcr Burkina Faso e.V.\u201c unterst\u00fctzt diese Initiative von Beginn an. Das allererste Projekt, f\u00fcr das wir Spenden sammelten, war die Anschaffung von N\u00e4hmaschinen. Die Nachfrage war gro\u00df: 20 Maschinen wurden ben\u00f6tigt, um allen Interessierten einen Ausbildungsplatz zu bieten. Heute sind bereits 36 Ger\u00e4te im Einsatz \u2013 eine enorme Verbesserung gegen\u00fcber den anf\u00e4nglichen drei Maschinen f\u00fcr rund 80 Sch\u00fclerinnen. Auch Tischler erhalten dort eine Ausbildung, jedoch fehlt es an Werkzeugen und Maschinen. Durch einen Besuch der AEJTB-Ausbilder in Bayern konnten neue Impulse gesammelt und langfristige Entwicklungsziele gesetzt werden.<\/p>\t\t\t\t\t\t\t\t<\/div>\n\t\t\t\t<\/div>\n\t\t\t\t\t<\/div>\n\t\t\t\t<\/div>\n\t\t<div class=\"elementor-element elementor-element-3b4df32b e-flex e-con-boxed e-con e-parent\" data-id=\"3b4df32b\" data-element_type=\"container\" data-e-type=\"container\" data-settings=\"{&quot;background_background&quot;:&quot;classic&quot;}\">\n\t\t\t\t\t<div class=\"e-con-inner\">\n\t\t<div class=\"elementor-element elementor-element-2e736f7f e-con-full e-flex e-con e-child\" data-id=\"2e736f7f\" data-element_type=\"container\" data-e-type=\"container\">\n\t\t\t\t<div class=\"elementor-element elementor-element-333fc89 elementor-widget elementor-widget-image\" data-id=\"333fc89\" data-element_type=\"widget\" data-e-type=\"widget\" data-widget_type=\"image.default\">\n\t\t\t\t<div class=\"elementor-widget-container\">\n\t\t\t\t\t\t\t\t\t\t\t\t\t\t\t<img decoding=\"async\" width=\"800\" height=\"600\" src=\"https:\/\/www.perspektiven-burkina.de\/wp-content\/uploads\/2025\/04\/Naehmaschinen-2-1024x768.jpg\" class=\"attachment-large size-large wp-image-11455\" alt=\"\" srcset=\"https:\/\/www.perspektiven-burkina.de\/wp-content\/uploads\/2025\/04\/Naehmaschinen-2-1024x768.jpg 1024w, https:\/\/www.perspektiven-burkina.de\/wp-content\/uploads\/2025\/04\/Naehmaschinen-2-300x225.jpg 300w, https:\/\/www.perspektiven-burkina.de\/wp-content\/uploads\/2025\/04\/Naehmaschinen-2-768x576.jpg 768w, https:\/\/www.perspektiven-burkina.de\/wp-content\/uploads\/2025\/04\/Naehmaschinen-2-1536x1152.jpg 1536w, https:\/\/www.perspektiven-burkina.de\/wp-content\/uploads\/2025\/04\/Naehmaschinen-2-2048x1536.jpg 2048w\" sizes=\"(max-width: 800px) 100vw, 800px\" \/>\t\t\t\t\t\t\t\t\t\t\t\t\t\t\t<\/div>\n\t\t\t\t<\/div>\n\t\t\t\t<\/div>\n\t\t<div class=\"elementor-element elementor-element-bef4f31 e-con-full e-flex e-con e-child\" data-id=\"bef4f31\" data-element_type=\"container\" data-e-type=\"container\">\n\t\t\t\t<div class=\"elementor-element elementor-element-2d0c6756 elementor-widget elementor-widget-image\" data-id=\"2d0c6756\" data-element_type=\"widget\" data-e-type=\"widget\" data-widget_type=\"image.default\">\n\t\t\t\t<div class=\"elementor-widget-container\">\n\t\t\t\t\t\t\t\t\t\t\t\t\t\t\t<img decoding=\"async\" width=\"640\" height=\"480\" src=\"https:\/\/www.perspektiven-burkina.de\/wp-content\/uploads\/2025\/04\/Schreinerei-2.jpg\" class=\"attachment-large size-large wp-image-11453\" alt=\"\" srcset=\"https:\/\/www.perspektiven-burkina.de\/wp-content\/uploads\/2025\/04\/Schreinerei-2.jpg 640w, https:\/\/www.perspektiven-burkina.de\/wp-content\/uploads\/2025\/04\/Schreinerei-2-300x225.jpg 300w\" sizes=\"(max-width: 640px) 100vw, 640px\" \/>\t\t\t\t\t\t\t\t\t\t\t\t\t\t\t<\/div>\n\t\t\t\t<\/div>\n\t\t\t\t<\/div>\n\t\t\t\t\t<\/div>\n\t\t\t\t<\/div>\n\t\t<div class=\"elementor-element elementor-element-622fa27c e-flex e-con-boxed e-con e-parent\" data-id=\"622fa27c\" data-element_type=\"container\" data-e-type=\"container\" data-settings=\"{&quot;background_background&quot;:&quot;classic&quot;}\">\n\t\t\t\t\t<div class=\"e-con-inner\">\n\t\t<div class=\"elementor-element elementor-element-223fac70 e-con-full e-flex e-con e-child\" data-id=\"223fac70\" data-element_type=\"container\" data-e-type=\"container\">\n\t\t\t\t<div class=\"elementor-element elementor-element-722fdd7 elementor-widget elementor-widget-text-editor\" data-id=\"722fdd7\" data-element_type=\"widget\" data-e-type=\"widget\" data-widget_type=\"text-editor.default\">\n\t\t\t\t<div class=\"elementor-widget-container\">\n\t\t\t\t\t\t\t\t\t<p>Auf dem Bild ist ein Ausbildungsraum zu sehen, in dem junge Frauen konzentriert an mechanischen N\u00e4hmaschinen arbeiten. Diese wurden mit Hilfe von Spenden beschafft und stehen sinnbildlich f\u00fcr den Weg in eine eigenst\u00e4ndige berufliche Zukunft. Die Arbeitspl\u00e4tze sind einfach, aber funktional \u2013 und jede Maschine bedeutet eine Chance.<\/p>\t\t\t\t\t\t\t\t<\/div>\n\t\t\t\t<\/div>\n\t\t\t\t<\/div>\n\t\t<div class=\"elementor-element elementor-element-700b6617 e-con-full e-flex e-con e-child\" data-id=\"700b6617\" data-element_type=\"container\" data-e-type=\"container\">\n\t\t\t\t<div class=\"elementor-element elementor-element-5ec06eb1 elementor-widget elementor-widget-image\" data-id=\"5ec06eb1\" data-element_type=\"widget\" data-e-type=\"widget\" data-widget_type=\"image.default\">\n\t\t\t\t<div class=\"elementor-widget-container\">\n\t\t\t\t\t\t\t\t\t\t\t\t\t\t\t<img loading=\"lazy\" decoding=\"async\" width=\"768\" height=\"1024\" src=\"https:\/\/www.perspektiven-burkina.de\/wp-content\/uploads\/2025\/04\/Schreinerei-1-768x1024.jpg\" class=\"attachment-large size-large wp-image-11452\" alt=\"\" srcset=\"https:\/\/www.perspektiven-burkina.de\/wp-content\/uploads\/2025\/04\/Schreinerei-1-768x1024.jpg 768w, https:\/\/www.perspektiven-burkina.de\/wp-content\/uploads\/2025\/04\/Schreinerei-1-225x300.jpg 225w, https:\/\/www.perspektiven-burkina.de\/wp-content\/uploads\/2025\/04\/Schreinerei-1-1152x1536.jpg 1152w, https:\/\/www.perspektiven-burkina.de\/wp-content\/uploads\/2025\/04\/Schreinerei-1-1536x2048.jpg 1536w, https:\/\/www.perspektiven-burkina.de\/wp-content\/uploads\/2025\/04\/Schreinerei-1-scaled.jpg 1920w\" sizes=\"(max-width: 768px) 100vw, 768px\" \/>\t\t\t\t\t\t\t\t\t\t\t\t\t\t\t<\/div>\n\t\t\t\t<\/div>\n\t\t\t\t<\/div>\n\t\t<div class=\"elementor-element elementor-element-5ce367bf e-con-full e-flex e-con e-child\" data-id=\"5ce367bf\" data-element_type=\"container\" data-e-type=\"container\">\n\t\t\t\t<div class=\"elementor-element elementor-element-b1c8da6 elementor-widget elementor-widget-image\" data-id=\"b1c8da6\" data-element_type=\"widget\" data-e-type=\"widget\" data-widget_type=\"image.default\">\n\t\t\t\t<div class=\"elementor-widget-container\">\n\t\t\t\t\t\t\t\t\t\t\t\t\t\t\t<img loading=\"lazy\" decoding=\"async\" width=\"800\" height=\"600\" src=\"https:\/\/www.perspektiven-burkina.de\/wp-content\/uploads\/2025\/04\/Naehmaschinen3-1024x768.jpg\" class=\"attachment-large size-large wp-image-11451\" alt=\"\" srcset=\"https:\/\/www.perspektiven-burkina.de\/wp-content\/uploads\/2025\/04\/Naehmaschinen3-1024x768.jpg 1024w, https:\/\/www.perspektiven-burkina.de\/wp-content\/uploads\/2025\/04\/Naehmaschinen3-300x225.jpg 300w, https:\/\/www.perspektiven-burkina.de\/wp-content\/uploads\/2025\/04\/Naehmaschinen3-768x576.jpg 768w, https:\/\/www.perspektiven-burkina.de\/wp-content\/uploads\/2025\/04\/Naehmaschinen3-1536x1152.jpg 1536w, https:\/\/www.perspektiven-burkina.de\/wp-content\/uploads\/2025\/04\/Naehmaschinen3-2048x1536.jpg 2048w\" sizes=\"(max-width: 800px) 100vw, 800px\" \/>\t\t\t\t\t\t\t\t\t\t\t\t\t\t\t<\/div>\n\t\t\t\t<\/div>\n\t\t\t\t<\/div>\n\t\t<div class=\"elementor-element elementor-element-1a7fe222 e-con-full e-flex e-con e-child\" data-id=\"1a7fe222\" data-element_type=\"container\" data-e-type=\"container\">\n\t\t\t\t<div class=\"elementor-element elementor-element-3f48b962 elementor-widget elementor-widget-text-editor\" data-id=\"3f48b962\" data-element_type=\"widget\" data-e-type=\"widget\" data-widget_type=\"text-editor.default\">\n\t\t\t\t<div class=\"elementor-widget-container\">\n\t\t\t\t\t\t\t\t\t<p>Wir haben dieses Projekt von Beginn an dokumentarisch begleitet, um seine Entwicklung sichtbar zu machen. Unser Ziel war es, dem Engagement der Ausbilder Wertsch\u00e4tzung zu geben und zu zeigen, wie berufliche Bildung junge Menschen unabh\u00e4ngig machen kann \u2013 Schritt f\u00fcr Schritt.<\/p>\t\t\t\t\t\t\t\t<\/div>\n\t\t\t\t<\/div>\n\t\t\t\t<\/div>\n\t\t\t\t<div class=\"elementor-element elementor-element-8f479d elementor-widget elementor-widget-text-editor\" data-id=\"8f479d\" data-element_type=\"widget\" data-e-type=\"widget\" data-widget_type=\"text-editor.default\">\n\t\t\t\t<div class=\"elementor-widget-container\">\n\t\t\t\t\t\t\t\t\t<p>Jede N\u00e4hmaschine steht f\u00fcr eine neue Perspektive \u2013 und ein St\u00fcck Zukunft durch Bildung und Handwerk. <\/p>\t\t\t\t\t\t\t\t<\/div>\n\t\t\t\t<\/div>\n\t\t\t\t\t<\/div>\n\t\t\t\t<\/div>\n\t\t<div class=\"elementor-element elementor-element-5212c220 e-flex e-con-boxed e-con e-parent\" data-id=\"5212c220\" data-element_type=\"container\" data-e-type=\"container\">\n\t\t\t\t\t<div class=\"e-con-inner\">\n\t\t\t\t<div class=\"elementor-element elementor-element-1a0c638d elementor-widget elementor-widget-html\" data-id=\"1a0c638d\" data-element_type=\"widget\" data-e-type=\"widget\" data-widget_type=\"html.default\">\n\t\t\t\t<div class=\"elementor-widget-container\">\n\t\t\t\t\t<div style=\"margin-top: 4rem; padding: 2rem; background: linear-gradient(135deg, #204531, #3b6d52); color: white; text-align: center; border-radius: 16px; box-shadow: 0 6px 16px rgba(0,0,0,0.2);\">\n  <h2 style=\"margin-bottom: 1rem; font-size: 1.8rem;\">Zur\u00fcck zur Projekt\u00fcbersicht<\/h2>\n  <p style=\"margin-bottom: 1.5rem; font-size: 1.1rem;\">\n    Entdecke weitere spannende Projekte und erfahre mehr \u00fcber unser Engagement.\n  <\/p>\n  <a href=\"https:\/\/www.perspektiven-burkina.de\/?page_id=11321\" \n     style=\"display: inline-block; padding: 0.8rem 1.6rem; background: white; color: #204531; font-weight: bold; font-size: 1rem; text-decoration: none; border-radius: 12px; transition: all 0.3s ease;\">\n     Projekte ansehen\n  <\/a>\n<\/div>\n\t\t\t\t<\/div>\n\t\t\t\t<\/div>\n\t\t\t\t\t<\/div>\n\t\t\t\t<\/div>\n\t\t\t\t<\/div>\n\t\t","protected":false},"excerpt":{"rendered":"<p>N\u00e4hen f\u00fcr die Zukunft: Neue N\u00e4hmaschinen erm\u00f6glichen Jugendlichen in Ouagadougou eine handwerkliche Ausbildung und eine bessere Zukunft.<\/p>\n","protected":false},"author":1,"featured_media":11454,"comment_status":"closed","ping_status":"open","sticky":false,"template":"","format":"standard","meta":{"footnotes":""},"categories":[22],"tags":[],"class_list":["post-11449","post","type-post","status-publish","format-standard","has-post-thumbnail","hentry","category-projekte"],"_links":{"self":[{"href":"https:\/\/www.perspektiven-burkina.de\/index.php?rest_route=\/wp\/v2\/posts\/11449","targetHints":{"allow":["GET"]}}],"collection":[{"href":"https:\/\/www.perspektiven-burkina.de\/index.php?rest_route=\/wp\/v2\/posts"}],"about":[{"href":"https:\/\/www.perspektiven-burkina.de\/index.php?rest_route=\/wp\/v2\/types\/post"}],"author":[{"embeddable":true,"href":"https:\/\/www.perspektiven-burkina.de\/index.php?rest_route=\/wp\/v2\/users\/1"}],"replies":[{"embeddable":true,"href":"https:\/\/www.perspektiven-burkina.de\/index.php?rest_route=%2Fwp%2Fv2%2Fcomments&post=11449"}],"version-history":[{"count":25,"href":"https:\/\/www.perspektiven-burkina.de\/index.php?rest_route=\/wp\/v2\/posts\/11449\/revisions"}],"predecessor-version":[{"id":12795,"href":"https:\/\/www.perspektiven-burkina.de\/index.php?rest_route=\/wp\/v2\/posts\/11449\/revisions\/12795"}],"wp:featuredmedia":[{"embeddable":true,"href":"https:\/\/www.perspektiven-burkina.de\/index.php?rest_route=\/wp\/v2\/media\/11454"}],"wp:attachment":[{"href":"https:\/\/www.perspektiven-burkina.de\/index.php?rest_route=%2Fwp%2Fv2%2Fmedia&parent=11449"}],"wp:term":[{"taxonomy":"category","embeddable":true,"href":"https:\/\/www.perspektiven-burkina.de\/index.php?rest_route=%2Fwp%2Fv2%2Fcategories&post=11449"},{"taxonomy":"post_tag","embeddable":true,"href":"https:\/\/www.perspektiven-burkina.de\/index.php?rest_route=%2Fwp%2Fv2%2Ftags&post=11449"}],"curies":[{"name":"wp","href":"https:\/\/api.w.org\/{rel}","templated":true}]}}