{"id":13048,"date":"2026-09-03T19:13:48","date_gmt":"2026-09-03T19:13:48","guid":{"rendered":"https:\/\/www.perspektiven-burkina.de\/?p=13048"},"modified":"2026-09-03T19:27:36","modified_gmt":"2026-09-03T19:27:36","slug":"projekte-unterstuetzung-und-weiterbildung","status":"publish","type":"post","link":"https:\/\/www.perspektiven-burkina.de\/?p=13048","title":{"rendered":"Projekte, Unterst\u00fctzung und Weiterbildung"},"content":{"rendered":"<p><img fetchpriority=\"high\" decoding=\"async\" data-interaction-id=\"553ba4c\" data-e-type=\"widget\" data-id=\"553ba4c\" id=\"13042\" src=\"https:\/\/www.perspektiven-burkina.de\/wp-content\/uploads\/2026\/09\/Gruppenbild.jpg\" width=\"700\" height=\"381\" srcset=\"https:\/\/www.perspektiven-burkina.de\/wp-content\/uploads\/2026\/09\/Gruppenbild.jpg 700w, https:\/\/www.perspektiven-burkina.de\/wp-content\/uploads\/2026\/09\/Gruppenbild-300x163.jpg 300w\" alt=\"\"\/>\t\t<\/p>\n<p><i>Dachau \u2013 <\/i>Der Verein \u201ePerspektiven f\u00fcr Burkina Faso\u201c hat nicht nur einen neuen Vorstand gew\u00e4hlt, sondern auf seiner Jahresversammlung im Sch\u00fctzenheim des Gasthauses Drei Rosen auch eine Satzungs\u00e4nderung beschlossen. Bisher gab es einen ersten und einen zweiten Vorsitzenden, einen Schriftf\u00fchrer und einen Schatzmeister. Nun beschloss die Mitgliederversammlung, dass es k\u00fcnftig bis zu zwei Schatzmeister und bis zu zwei Schriftf\u00fchrer geben darf.<\/p>\n<p>Diese Neuregelung wurde auf der Versammlung gleich umgesetzt. Als Vorsitzender wurde Bernhard Seidenath wiedergew\u00e4hlt, seine Stellvertreterin bleibt Jeanette Huber. Schriftf\u00fchrer sind k\u00fcnftig Bernd Wanka und neu Carlos Benede.<\/p>\n<p>Beim Posten des zweiten, gleichberechtigten Schatzmeisters kamen die Wahlen ins Stocken: Seidenath unterbrach die Versammlung kurz, um mit einigen potenziellen Kandidaten unter vier Augen zu sprechen. Dank seiner \u00dcberredungsk\u00fcnste stellte sich Beisitzer Franz Elender bereit, das Amt gemeinsam mit Irmgard Hetzinger-Heinrici zu \u00fcbernehmen, die ihre T\u00e4tigkeit als Schatzmeisterin weiterf\u00fchren wird.<\/p>\n<p>Allerdings nicht sofort \u2013 Elender wird das Amt erst ab September 2027 antreten, da es vorher aus beruflichen Gr\u00fcnden nicht m\u00f6glich sei. Bis dahin bleibt er als Beisitzer im Verein aktiv. Als Beisitzer wurden au\u00dferdem Alexandra Gorges, Angelika Gumowski, Angelika Kniesl, Wilhelm Kirchensteiner, Christian Kiening, Josef G\u00f6tz und Robin Schmitz gew\u00e4hlt. Kassenpr\u00fcfer bleibt G\u00fcnther Gensberger. Alle Posten wurden einstimmig gew\u00e4hlt.<\/p>\n<p>Dominik Zachmann wurde in diesem Jahr in einer au\u00dferordentlichen Mitgliederversammlung zum Gesch\u00e4ftsf\u00fchrer bestellt und trat damit in die Fu\u00dfstapfen von Irmgard Hetzinger-Heinrici, die dem Verein als Schatzmeisterin erhalten bleibt. Zachmann und Seidenath gaben vor den Wahlen einen R\u00fcckblick \u00fcber die Vereinsarbeit von 2019 bis 2025. Darunter fallen Projektarbeiten in den Bereichen Bildung, wie die Unterst\u00fctzung von Kinderg\u00e4rten, Aus- und Weiterbildung sowie der Schul- und Brunnenbau. Weiterhin soll auch in Energieprojekte wie Solar und Biogas investiert werden und die wirtschaftliche Zusammenarbeit f\u00fcr die Vermarktung von Sheabutter und Mangos gepr\u00fcft werden.<\/p>\n<p>Derzeit l\u00e4uft ein Projektvertrag mit \u201e1000 Schulen f\u00fcr unsere Welt e.V.\u201c f\u00fcr eine Krankenstation am Waisenhaus Hotel Maternel sowie die Vorbereitungen zum Bau eines angegliederten Lehrerzimmers am Schulstandort Kokologho. \u201eBeachtlich, was wir da geleistet haben\u201c, fasste Seidenath zusammen.<\/p>\n<p>Finanziell steht der Verein laut dem Bericht von Irmgard Hetzinger-Heinrici zwar auf soliden Beinen, f\u00fcr viele Projekte werden aber noch dringend Spenden ben\u00f6tigt. Gro\u00dfe Spr\u00fcnge sind nach dem Schulhausbau derzeit nicht m\u00f6glich. Eine angefragte Beteiligung an einem Projekt in Burkina Faso mit dem Ziel, ein Ausbildungszentrum zu errichten, lehnte Seidenath ab. \u201eDas \u00fcbersteigt unsere Kapazit\u00e4ten\u201c, so der Vorsitzende.<\/p>\n<p>Auf der Website sowie im neuen Instagram-Auftritt des Vereins sind die M\u00f6glichkeiten zu erfahren, wie man spenden kann. Den neuen Social-Media-Auftritt hat Robin Schmitz konzipiert, der sich auch um die Homepage und die Flyer k\u00fcmmert.<\/p>\n<p><i>SIMONE WESTER<\/i><\/p>\n<p>Quellenangabe: Dachauer Nachrichten vom 13.08.2026, Seite 31<\/p>\n","protected":false},"excerpt":{"rendered":"<p>Dachau \u2013 Der Verein \u201ePerspektiven f\u00fcr Burkina Faso\u201c hat nicht nur einen neuen Vorstand gew\u00e4hlt, sondern auf seiner Jahresversammlung im Sch\u00fctzenheim des Gasthauses Drei Rosen auch eine Satzungs\u00e4nderung beschlossen. Bisher gab es einen ersten und einen zweiten Vorsitzenden, einen Schriftf\u00fchrer und einen Schatzmeister. Nun beschloss die Mitgliederversammlung, dass es k\u00fcnftig bis zu zwei Schatzmeister und [&hellip;]<\/p>\n","protected":false},"author":1,"featured_media":0,"comment_status":"closed","ping_status":"closed","sticky":false,"template":"","format":"standard","meta":{"footnotes":""},"categories":[24],"tags":[],"class_list":["post-13048","post","type-post","status-publish","format-standard","hentry","category-presse"],"_links":{"self":[{"href":"https:\/\/www.perspektiven-burkina.de\/index.php?rest_route=\/wp\/v2\/posts\/13048","targetHints":{"allow":["GET"]}}],"collection":[{"href":"https:\/\/www.perspektiven-burkina.de\/index.php?rest_route=\/wp\/v2\/posts"}],"about":[{"href":"https:\/\/www.perspektiven-burkina.de\/index.php?rest_route=\/wp\/v2\/types\/post"}],"author":[{"embeddable":true,"href":"https:\/\/www.perspektiven-burkina.de\/index.php?rest_route=\/wp\/v2\/users\/1"}],"replies":[{"embeddable":true,"href":"https:\/\/www.perspektiven-burkina.de\/index.php?rest_route=%2Fwp%2Fv2%2Fcomments&post=13048"}],"version-history":[{"count":7,"href":"https:\/\/www.perspektiven-burkina.de\/index.php?rest_route=\/wp\/v2\/posts\/13048\/revisions"}],"predecessor-version":[{"id":13055,"href":"https:\/\/www.perspektiven-burkina.de\/index.php?rest_route=\/wp\/v2\/posts\/13048\/revisions\/13055"}],"wp:attachment":[{"href":"https:\/\/www.perspektiven-burkina.de\/index.php?rest_route=%2Fwp%2Fv2%2Fmedia&parent=13048"}],"wp:term":[{"taxonomy":"category","embeddable":true,"href":"https:\/\/www.perspektiven-burkina.de\/index.php?rest_route=%2Fwp%2Fv2%2Fcategories&post=13048"},{"taxonomy":"post_tag","embeddable":true,"href":"https:\/\/www.perspektiven-burkina.de\/index.php?rest_route=%2Fwp%2Fv2%2Ftags&post=13048"}],"curies":[{"name":"wp","href":"https:\/\/api.w.org\/{rel}","templated":true}]}}